{"id":2905,"date":"2017-09-12T20:36:41","date_gmt":"2017-09-12T18:36:41","guid":{"rendered":"http:\/\/www.liberalabici.it\/wordpress\/?p=2905"},"modified":"2022-05-30T16:02:44","modified_gmt":"2022-05-30T14:02:44","slug":"settimana-europea-della-mobilita","status":"publish","type":"post","link":"https:\/\/www.liberalabici.it\/wordpress\/settimana-europea-della-mobilita\/","title":{"rendered":"Settimana Europea della Mobilit\u00e0"},"content":{"rendered":"<p>La &#8220;Settimana Europea della Mobilit\u00e0&#8221; si arricchisce di altri eventi e ci vedi attivi e impegnati su pi\u00f9 fronti,<br \/>\nLiberalabici sar\u00e0 presente e invita soci e quanti hanno a cuore questa tematica ad esserci, eccovi allora i dettagli delle prossime manifestazioni;<\/p>\n<p>SABATO 16 settembre dalle ore 17 accoglieremo l&#8217;arrivo a Vittorio Veneto di centinaia di ciclisti partecipanti alla , RAD RACE TOUR DE FRIENDS presso Vittorio Veneto Piazza del Popolo dove saremo disponibili presso lo stand promozione turismo, per altre info vedi locandina,\u00a0 per info evento clicca sul link\u00a0\u00a0\u00a0http:\/\/www.marcatreviso.it\/index\/package\/RADRACE-MUCVCE-A-VITTORIO-VENETO\/1243\/5\/it<\/p>\n<p>SABATO 16 pomeriggio e DOMENICA 17 a partire dalle 10 a Conegliano Piazza Calvi la Polizia municipale e la Protezione civile coinvolgeranno bambini e ragazzi in attivit\u00e0 di Educazione stradale.<br \/>\nConegliano \u00e9 una delle tappe del tour &#8220;Dall&#8217;Adriatico alle Dolomiti&#8221; e\u00a0 Liberalabici sar\u00e0 presente la domenica (10-12 e 15-18) per supportare nelle attivit\u00e0 didattiche e ricreative.<br \/>\nVi attendiamo numerosi e vi preghiamo di condividere con amici e parenti le nostre attivit\u00e0, grazie.<br \/>\nInfo Liberalabici\u00a0\u00a03311200886<\/p>\n<p><a href=\"https:\/\/www.liberalabici.it\/wordpress\/wp-content\/uploads\/2017\/09\/Locandina-dalladriatico-alle-dolomiti.pdf\">locandina-dalladriatico-alle-dolomiti<\/a><\/p>\n","protected":false},"excerpt":{"rendered":"<p>La &#8220;Settimana Europea della Mobilit\u00e0&#8221; si arricchisce di altri eventi e ci vedi attivi e impegnati su pi\u00f9 fronti, Liberalabici sar\u00e0 presente e invita soci e<span class=\"excerpt-hellip\"> [?]<\/span><\/p>\n","protected":false},"author":1,"featured_media":0,"comment_status":"closed","ping_status":"open","sticky":false,"template":"","format":"standard","meta":{"footnotes":""},"categories":[22],"tags":[],"class_list":["post-2905","post","type-post","status-publish","format-standard","hentry","category-eventi"],"_links":{"self":[{"href":"https:\/\/www.liberalabici.it\/wordpress\/wp-json\/wp\/v2\/posts\/2905","targetHints":{"allow":["GET"]}}],"collection":[{"href":"https:\/\/www.liberalabici.it\/wordpress\/wp-json\/wp\/v2\/posts"}],"about":[{"href":"https:\/\/www.liberalabici.it\/wordpress\/wp-json\/wp\/v2\/types\/post"}],"author":[{"embeddable":true,"href":"https:\/\/www.liberalabici.it\/wordpress\/wp-json\/wp\/v2\/users\/1"}],"replies":[{"embeddable":true,"href":"https:\/\/www.liberalabici.it\/wordpress\/wp-json\/wp\/v2\/comments?post=2905"}],"version-history":[{"count":3,"href":"https:\/\/www.liberalabici.it\/wordpress\/wp-json\/wp\/v2\/posts\/2905\/revisions"}],"predecessor-version":[{"id":2910,"href":"https:\/\/www.liberalabici.it\/wordpress\/wp-json\/wp\/v2\/posts\/2905\/revisions\/2910"}],"wp:attachment":[{"href":"https:\/\/www.liberalabici.it\/wordpress\/wp-json\/wp\/v2\/media?parent=2905"}],"wp:term":[{"taxonomy":"category","embeddable":true,"href":"https:\/\/www.liberalabici.it\/wordpress\/wp-json\/wp\/v2\/categories?post=2905"},{"taxonomy":"post_tag","embeddable":true,"href":"https:\/\/www.liberalabici.it\/wordpress\/wp-json\/wp\/v2\/tags?post=2905"}],"curies":[{"name":"wp","href":"https:\/\/api.w.org\/{rel}","templated":true}]}}